{"id":798,"date":"2010-12-12T11:16:47","date_gmt":"2010-12-12T09:16:47","guid":{"rendered":"https:\/\/www.michaeljoerg.de\/?p=798"},"modified":"2026-02-05T19:39:35","modified_gmt":"2026-02-05T18:39:35","slug":"portrait-kameramann-koeln","status":"publish","type":"post","link":"https:\/\/www.michaeljoerg.de\/en\/portrait-kameramann-koeln\/","title":{"rendered":"Michael J\u00f6rg Kameramann"},"content":{"rendered":"<div id=\"attachment_2649\" class=\"wp-caption alignnone\" style=\"width: 730px\"><img loading=\"lazy\" decoding=\"async\" class=\"size-large wp-image-2649\" src=\"https:\/\/www.michaeljoerg.de\/wp-content\/uploads\/2010\/12\/Portrait_Michael-Joerg_Kameramann_2026_1.2_web-1-780x1170.jpg\" alt=\"Portrait of the director of photography Michael J\u00f6rg from Germany Cologne\" width=\"730\" height=\"1095\" srcset=\"https:\/\/www.michaeljoerg.de\/wp-content\/uploads\/2010\/12\/Portrait_Michael-Joerg_Kameramann_2026_1.2_web-1-780x1170.jpg 780w, https:\/\/www.michaeljoerg.de\/wp-content\/uploads\/2010\/12\/Portrait_Michael-Joerg_Kameramann_2026_1.2_web-1-200x300.jpg 200w, https:\/\/www.michaeljoerg.de\/wp-content\/uploads\/2010\/12\/Portrait_Michael-Joerg_Kameramann_2026_1.2_web-1-768x1152.jpg 768w, https:\/\/www.michaeljoerg.de\/wp-content\/uploads\/2010\/12\/Portrait_Michael-Joerg_Kameramann_2026_1.2_web-1-338x507.jpg 338w, https:\/\/www.michaeljoerg.de\/wp-content\/uploads\/2010\/12\/Portrait_Michael-Joerg_Kameramann_2026_1.2_web-1-450x675.jpg 450w, https:\/\/www.michaeljoerg.de\/wp-content\/uploads\/2010\/12\/Portrait_Michael-Joerg_Kameramann_2026_1.2_web-1-257x386.jpg 257w, https:\/\/www.michaeljoerg.de\/wp-content\/uploads\/2010\/12\/Portrait_Michael-Joerg_Kameramann_2026_1.2_web-1.jpg 800w\" sizes=\"auto, (max-width: 730px) 100vw, 730px\" \/><p class=\"wp-caption-text\">Portrait of the director of photography Michael J\u00f6rg from Germany Cologne<\/p><\/div>\n","protected":false},"excerpt":{"rendered":"","protected":false},"author":1,"featured_media":0,"comment_status":"open","ping_status":"closed","sticky":false,"template":"","format":"standard","meta":{"_acf_changed":false,"footnotes":""},"categories":[133,48,12],"tags":[103,69,70,106],"class_list":["post-798","post","type-post","status-publish","format-standard","hentry","category-contact","category-portrait-en","category-vita","tag-director-of-photography","tag-kameramann-en","tag-koeln-en","tag-portrait"],"acf":[],"yoast_head":"<!-- This site is optimized with the Yoast SEO plugin v26.9 - https:\/\/yoast.com\/product\/yoast-seo-wordpress\/ -->\n<title>Portrait Kameramann K\u00f6ln | Michael J\u00f6rg | Kameramann buchen<\/title>\n<meta name=\"description\" content=\"Dies ist das Portrait vom Kameramann Michael J\u00f6rg aus K\u00f6ln den sich f\u00fcr Werbung, Imagefilm und Produktfilm buchen k\u00f6nnen.\" \/>\n<meta name=\"robots\" content=\"index, follow, max-snippet:-1, max-image-preview:large, max-video-preview:-1\" \/>\n<link rel=\"canonical\" href=\"https:\/\/www.michaeljoerg.de\/en\/portrait-kameramann-koeln\/\" \/>\n<meta property=\"og:locale\" content=\"en_US\" \/>\n<meta property=\"og:type\" content=\"article\" \/>\n<meta property=\"og:title\" content=\"Portrait Kameramann K\u00f6ln | Michael J\u00f6rg | Kameramann buchen\" \/>\n<meta property=\"og:description\" content=\"Dies ist das Portrait vom Kameramann Michael J\u00f6rg aus K\u00f6ln den sich f\u00fcr Werbung, Imagefilm und Produktfilm buchen k\u00f6nnen.\" \/>\n<meta property=\"og:url\" content=\"https:\/\/www.michaeljoerg.de\/en\/portrait-kameramann-koeln\/\" \/>\n<meta property=\"og:site_name\" content=\"Michael J\u00f6rg\" \/>\n<meta property=\"article:publisher\" content=\"https:\/\/www.facebook.com\/michael.jorg.790\" \/>\n<meta property=\"article:author\" content=\"https:\/\/www.facebook.com\/michael.jorg.790\" \/>\n<meta property=\"article:published_time\" content=\"2010-12-12T09:16:47+00:00\" \/>\n<meta property=\"article:modified_time\" content=\"2026-02-05T18:39:35+00:00\" \/>\n<meta property=\"og:image\" content=\"https:\/\/www.michaeljoerg.de\/wp-content\/uploads\/2010\/12\/Portrait_Michael-Joerg_Kameramann_2026_1.2_web-1.jpg\" \/>\n\t<meta property=\"og:image:width\" content=\"800\" \/>\n\t<meta property=\"og:image:height\" content=\"1200\" \/>\n\t<meta property=\"og:image:type\" content=\"image\/jpeg\" \/>\n<meta name=\"author\" content=\"Michael J\u00f6rg\" \/>\n<meta name=\"twitter:label1\" content=\"Written by\" \/>\n\t<meta name=\"twitter:data1\" content=\"Michael J\u00f6rg\" \/>\n<script type=\"application\/ld+json\" class=\"yoast-schema-graph\">{\"@context\":\"https:\/\/schema.org\",\"@graph\":[{\"@type\":\"Article\",\"@id\":\"https:\/\/www.michaeljoerg.de\/en\/portrait-kameramann-koeln\/#article\",\"isPartOf\":{\"@id\":\"https:\/\/www.michaeljoerg.de\/en\/portrait-kameramann-koeln\/\"},\"author\":{\"name\":\"Michael J\u00f6rg\",\"@id\":\"https:\/\/www.michaeljoerg.de\/#\/schema\/person\/1667771763b0875bdc74a1f97a510b33\"},\"headline\":\"Michael J\u00f6rg Kameramann\",\"datePublished\":\"2010-12-12T09:16:47+00:00\",\"dateModified\":\"2026-02-05T18:39:35+00:00\",\"mainEntityOfPage\":{\"@id\":\"https:\/\/www.michaeljoerg.de\/en\/portrait-kameramann-koeln\/\"},\"wordCount\":23,\"commentCount\":0,\"publisher\":{\"@id\":\"https:\/\/www.michaeljoerg.de\/#\/schema\/person\/1667771763b0875bdc74a1f97a510b33\"},\"image\":{\"@id\":\"https:\/\/www.michaeljoerg.de\/en\/portrait-kameramann-koeln\/#primaryimage\"},\"thumbnailUrl\":\"https:\/\/www.michaeljoerg.de\/wp-content\/uploads\/2010\/12\/Portrait_Michael-Joerg_Kameramann_2026_1.2_web-1-780x1170.jpg\",\"keywords\":[\"Director of Photography\",\"kameramann\",\"k\u00f6ln\",\"portrait\"],\"articleSection\":[\"CONTACT\",\"PORTRAIT\",\"VITA\"],\"inLanguage\":\"en-US\",\"potentialAction\":[{\"@type\":\"CommentAction\",\"name\":\"Comment\",\"target\":[\"https:\/\/www.michaeljoerg.de\/en\/portrait-kameramann-koeln\/#respond\"]}]},{\"@type\":\"WebPage\",\"@id\":\"https:\/\/www.michaeljoerg.de\/en\/portrait-kameramann-koeln\/\",\"url\":\"https:\/\/www.michaeljoerg.de\/en\/portrait-kameramann-koeln\/\",\"name\":\"Portrait Kameramann K\u00f6ln | Michael J\u00f6rg | Kameramann buchen\",\"isPartOf\":{\"@id\":\"https:\/\/www.michaeljoerg.de\/#website\"},\"primaryImageOfPage\":{\"@id\":\"https:\/\/www.michaeljoerg.de\/en\/portrait-kameramann-koeln\/#primaryimage\"},\"image\":{\"@id\":\"https:\/\/www.michaeljoerg.de\/en\/portrait-kameramann-koeln\/#primaryimage\"},\"thumbnailUrl\":\"https:\/\/www.michaeljoerg.de\/wp-content\/uploads\/2010\/12\/Portrait_Michael-Joerg_Kameramann_2026_1.2_web-1-780x1170.jpg\",\"datePublished\":\"2010-12-12T09:16:47+00:00\",\"dateModified\":\"2026-02-05T18:39:35+00:00\",\"description\":\"Dies ist das Portrait vom Kameramann Michael J\u00f6rg aus K\u00f6ln den sich f\u00fcr Werbung, Imagefilm und Produktfilm buchen k\u00f6nnen.\",\"breadcrumb\":{\"@id\":\"https:\/\/www.michaeljoerg.de\/en\/portrait-kameramann-koeln\/#breadcrumb\"},\"inLanguage\":\"en-US\",\"potentialAction\":[{\"@type\":\"ReadAction\",\"target\":[\"https:\/\/www.michaeljoerg.de\/en\/portrait-kameramann-koeln\/\"]}]},{\"@type\":\"ImageObject\",\"inLanguage\":\"en-US\",\"@id\":\"https:\/\/www.michaeljoerg.de\/en\/portrait-kameramann-koeln\/#primaryimage\",\"url\":\"https:\/\/www.michaeljoerg.de\/wp-content\/uploads\/2010\/12\/Portrait_Michael-Joerg_Kameramann_2026_1.2_web-1-780x1170.jpg\",\"contentUrl\":\"https:\/\/www.michaeljoerg.de\/wp-content\/uploads\/2010\/12\/Portrait_Michael-Joerg_Kameramann_2026_1.2_web-1-780x1170.jpg\"},{\"@type\":\"BreadcrumbList\",\"@id\":\"https:\/\/www.michaeljoerg.de\/en\/portrait-kameramann-koeln\/#breadcrumb\",\"itemListElement\":[{\"@type\":\"ListItem\",\"position\":1,\"name\":\"Home\",\"item\":\"https:\/\/www.michaeljoerg.de\/en\/\"},{\"@type\":\"ListItem\",\"position\":2,\"name\":\"Michael J\u00f6rg Kameramann\"}]},{\"@type\":\"WebSite\",\"@id\":\"https:\/\/www.michaeljoerg.de\/#website\",\"url\":\"https:\/\/www.michaeljoerg.de\/\",\"name\":\"Michael J\u00f6rg\",\"description\":\"Director of Photography\",\"publisher\":{\"@id\":\"https:\/\/www.michaeljoerg.de\/#\/schema\/person\/1667771763b0875bdc74a1f97a510b33\"},\"potentialAction\":[{\"@type\":\"SearchAction\",\"target\":{\"@type\":\"EntryPoint\",\"urlTemplate\":\"https:\/\/www.michaeljoerg.de\/?s={search_term_string}\"},\"query-input\":{\"@type\":\"PropertyValueSpecification\",\"valueRequired\":true,\"valueName\":\"search_term_string\"}}],\"inLanguage\":\"en-US\"},{\"@type\":[\"Person\",\"Organization\"],\"@id\":\"https:\/\/www.michaeljoerg.de\/#\/schema\/person\/1667771763b0875bdc74a1f97a510b33\",\"name\":\"Michael J\u00f6rg\",\"image\":{\"@type\":\"ImageObject\",\"inLanguage\":\"en-US\",\"@id\":\"https:\/\/www.michaeljoerg.de\/#\/schema\/person\/image\/\",\"url\":\"https:\/\/www.michaeljoerg.de\/wp-content\/uploads\/2010\/12\/michael0.jpg\",\"contentUrl\":\"https:\/\/www.michaeljoerg.de\/wp-content\/uploads\/2010\/12\/michael0.jpg\",\"width\":2650,\"height\":3974,\"caption\":\"Michael J\u00f6rg\"},\"logo\":{\"@id\":\"https:\/\/www.michaeljoerg.de\/#\/schema\/person\/image\/\"},\"description\":\"Michael J\u00f6rg ist Kameramann f\u00fcr Werbung, Produktfilm, Imagefilm sowie Musikvideo und Spielfilm aus K\u00f6ln. Auch KameraRegie Jobs macht er regelm\u00e4\u00dfig.\",\"sameAs\":[\"http:\/\/michaeljoerg.de\",\"https:\/\/www.facebook.com\/michael.jorg.790\",\"https:\/\/www.instagram.com\/michael.joerg.kameramann\/\",\"https:\/\/www.linkedin.com\/in\/michaeljoerg\/\",\"https:\/\/www.youtube.com\/user\/kameramannjoerg\",\"https:\/\/de.wikipedia.org\/wiki\/Michael_Jrg\"],\"url\":\"https:\/\/www.michaeljoerg.de\/en\/author\/wp_admin\/\"}]}<\/script>\n<!-- \/ Yoast SEO plugin. -->","yoast_head_json":{"title":"Portrait Kameramann K\u00f6ln | Michael J\u00f6rg | Kameramann buchen","description":"Dies ist das Portrait vom Kameramann Michael J\u00f6rg aus K\u00f6ln den sich f\u00fcr Werbung, Imagefilm und Produktfilm buchen k\u00f6nnen.","robots":{"index":"index","follow":"follow","max-snippet":"max-snippet:-1","max-image-preview":"max-image-preview:large","max-video-preview":"max-video-preview:-1"},"canonical":"https:\/\/www.michaeljoerg.de\/en\/portrait-kameramann-koeln\/","og_locale":"en_US","og_type":"article","og_title":"Portrait Kameramann K\u00f6ln | Michael J\u00f6rg | Kameramann buchen","og_description":"Dies ist das Portrait vom Kameramann Michael J\u00f6rg aus K\u00f6ln den sich f\u00fcr Werbung, Imagefilm und Produktfilm buchen k\u00f6nnen.","og_url":"https:\/\/www.michaeljoerg.de\/en\/portrait-kameramann-koeln\/","og_site_name":"Michael J\u00f6rg","article_publisher":"https:\/\/www.facebook.com\/michael.jorg.790","article_author":"https:\/\/www.facebook.com\/michael.jorg.790","article_published_time":"2010-12-12T09:16:47+00:00","article_modified_time":"2026-02-05T18:39:35+00:00","og_image":[{"width":800,"height":1200,"url":"https:\/\/www.michaeljoerg.de\/wp-content\/uploads\/2010\/12\/Portrait_Michael-Joerg_Kameramann_2026_1.2_web-1.jpg","type":"image\/jpeg"}],"author":"Michael J\u00f6rg","twitter_misc":{"Written by":"Michael J\u00f6rg"},"schema":{"@context":"https:\/\/schema.org","@graph":[{"@type":"Article","@id":"https:\/\/www.michaeljoerg.de\/en\/portrait-kameramann-koeln\/#article","isPartOf":{"@id":"https:\/\/www.michaeljoerg.de\/en\/portrait-kameramann-koeln\/"},"author":{"name":"Michael J\u00f6rg","@id":"https:\/\/www.michaeljoerg.de\/#\/schema\/person\/1667771763b0875bdc74a1f97a510b33"},"headline":"Michael J\u00f6rg Kameramann","datePublished":"2010-12-12T09:16:47+00:00","dateModified":"2026-02-05T18:39:35+00:00","mainEntityOfPage":{"@id":"https:\/\/www.michaeljoerg.de\/en\/portrait-kameramann-koeln\/"},"wordCount":23,"commentCount":0,"publisher":{"@id":"https:\/\/www.michaeljoerg.de\/#\/schema\/person\/1667771763b0875bdc74a1f97a510b33"},"image":{"@id":"https:\/\/www.michaeljoerg.de\/en\/portrait-kameramann-koeln\/#primaryimage"},"thumbnailUrl":"https:\/\/www.michaeljoerg.de\/wp-content\/uploads\/2010\/12\/Portrait_Michael-Joerg_Kameramann_2026_1.2_web-1-780x1170.jpg","keywords":["Director of Photography","kameramann","k\u00f6ln","portrait"],"articleSection":["CONTACT","PORTRAIT","VITA"],"inLanguage":"en-US","potentialAction":[{"@type":"CommentAction","name":"Comment","target":["https:\/\/www.michaeljoerg.de\/en\/portrait-kameramann-koeln\/#respond"]}]},{"@type":"WebPage","@id":"https:\/\/www.michaeljoerg.de\/en\/portrait-kameramann-koeln\/","url":"https:\/\/www.michaeljoerg.de\/en\/portrait-kameramann-koeln\/","name":"Portrait Kameramann K\u00f6ln | Michael J\u00f6rg | Kameramann buchen","isPartOf":{"@id":"https:\/\/www.michaeljoerg.de\/#website"},"primaryImageOfPage":{"@id":"https:\/\/www.michaeljoerg.de\/en\/portrait-kameramann-koeln\/#primaryimage"},"image":{"@id":"https:\/\/www.michaeljoerg.de\/en\/portrait-kameramann-koeln\/#primaryimage"},"thumbnailUrl":"https:\/\/www.michaeljoerg.de\/wp-content\/uploads\/2010\/12\/Portrait_Michael-Joerg_Kameramann_2026_1.2_web-1-780x1170.jpg","datePublished":"2010-12-12T09:16:47+00:00","dateModified":"2026-02-05T18:39:35+00:00","description":"Dies ist das Portrait vom Kameramann Michael J\u00f6rg aus K\u00f6ln den sich f\u00fcr Werbung, Imagefilm und Produktfilm buchen k\u00f6nnen.","breadcrumb":{"@id":"https:\/\/www.michaeljoerg.de\/en\/portrait-kameramann-koeln\/#breadcrumb"},"inLanguage":"en-US","potentialAction":[{"@type":"ReadAction","target":["https:\/\/www.michaeljoerg.de\/en\/portrait-kameramann-koeln\/"]}]},{"@type":"ImageObject","inLanguage":"en-US","@id":"https:\/\/www.michaeljoerg.de\/en\/portrait-kameramann-koeln\/#primaryimage","url":"https:\/\/www.michaeljoerg.de\/wp-content\/uploads\/2010\/12\/Portrait_Michael-Joerg_Kameramann_2026_1.2_web-1-780x1170.jpg","contentUrl":"https:\/\/www.michaeljoerg.de\/wp-content\/uploads\/2010\/12\/Portrait_Michael-Joerg_Kameramann_2026_1.2_web-1-780x1170.jpg"},{"@type":"BreadcrumbList","@id":"https:\/\/www.michaeljoerg.de\/en\/portrait-kameramann-koeln\/#breadcrumb","itemListElement":[{"@type":"ListItem","position":1,"name":"Home","item":"https:\/\/www.michaeljoerg.de\/en\/"},{"@type":"ListItem","position":2,"name":"Michael J\u00f6rg Kameramann"}]},{"@type":"WebSite","@id":"https:\/\/www.michaeljoerg.de\/#website","url":"https:\/\/www.michaeljoerg.de\/","name":"Michael J\u00f6rg","description":"Director of Photography","publisher":{"@id":"https:\/\/www.michaeljoerg.de\/#\/schema\/person\/1667771763b0875bdc74a1f97a510b33"},"potentialAction":[{"@type":"SearchAction","target":{"@type":"EntryPoint","urlTemplate":"https:\/\/www.michaeljoerg.de\/?s={search_term_string}"},"query-input":{"@type":"PropertyValueSpecification","valueRequired":true,"valueName":"search_term_string"}}],"inLanguage":"en-US"},{"@type":["Person","Organization"],"@id":"https:\/\/www.michaeljoerg.de\/#\/schema\/person\/1667771763b0875bdc74a1f97a510b33","name":"Michael J\u00f6rg","image":{"@type":"ImageObject","inLanguage":"en-US","@id":"https:\/\/www.michaeljoerg.de\/#\/schema\/person\/image\/","url":"https:\/\/www.michaeljoerg.de\/wp-content\/uploads\/2010\/12\/michael0.jpg","contentUrl":"https:\/\/www.michaeljoerg.de\/wp-content\/uploads\/2010\/12\/michael0.jpg","width":2650,"height":3974,"caption":"Michael J\u00f6rg"},"logo":{"@id":"https:\/\/www.michaeljoerg.de\/#\/schema\/person\/image\/"},"description":"Michael J\u00f6rg ist Kameramann f\u00fcr Werbung, Produktfilm, Imagefilm sowie Musikvideo und Spielfilm aus K\u00f6ln. Auch KameraRegie Jobs macht er regelm\u00e4\u00dfig.","sameAs":["http:\/\/michaeljoerg.de","https:\/\/www.facebook.com\/michael.jorg.790","https:\/\/www.instagram.com\/michael.joerg.kameramann\/","https:\/\/www.linkedin.com\/in\/michaeljoerg\/","https:\/\/www.youtube.com\/user\/kameramannjoerg","https:\/\/de.wikipedia.org\/wiki\/Michael_Jrg"],"url":"https:\/\/www.michaeljoerg.de\/en\/author\/wp_admin\/"}]}},"_links":{"self":[{"href":"https:\/\/www.michaeljoerg.de\/en\/wp-json\/wp\/v2\/posts\/798","targetHints":{"allow":["GET"]}}],"collection":[{"href":"https:\/\/www.michaeljoerg.de\/en\/wp-json\/wp\/v2\/posts"}],"about":[{"href":"https:\/\/www.michaeljoerg.de\/en\/wp-json\/wp\/v2\/types\/post"}],"author":[{"embeddable":true,"href":"https:\/\/www.michaeljoerg.de\/en\/wp-json\/wp\/v2\/users\/1"}],"replies":[{"embeddable":true,"href":"https:\/\/www.michaeljoerg.de\/en\/wp-json\/wp\/v2\/comments?post=798"}],"version-history":[{"count":20,"href":"https:\/\/www.michaeljoerg.de\/en\/wp-json\/wp\/v2\/posts\/798\/revisions"}],"predecessor-version":[{"id":2651,"href":"https:\/\/www.michaeljoerg.de\/en\/wp-json\/wp\/v2\/posts\/798\/revisions\/2651"}],"wp:attachment":[{"href":"https:\/\/www.michaeljoerg.de\/en\/wp-json\/wp\/v2\/media?parent=798"}],"wp:term":[{"taxonomy":"category","embeddable":true,"href":"https:\/\/www.michaeljoerg.de\/en\/wp-json\/wp\/v2\/categories?post=798"},{"taxonomy":"post_tag","embeddable":true,"href":"https:\/\/www.michaeljoerg.de\/en\/wp-json\/wp\/v2\/tags?post=798"}],"curies":[{"name":"wp","href":"https:\/\/api.w.org\/{rel}","templated":true}]}}